{"id":589,"date":"2023-10-18T10:22:24","date_gmt":"2023-10-18T10:22:24","guid":{"rendered":"https:\/\/ecole-fourtanier.org\/?p=589"},"modified":"2023-10-18T10:29:03","modified_gmt":"2023-10-18T10:29:03","slug":"assemblee-generale-le-15-11-2023","status":"publish","type":"post","link":"https:\/\/ecole-fourtanier.org\/index.php\/2023\/10\/18\/assemblee-generale-le-15-11-2023\/","title":{"rendered":"ASSEMBLEE GENERALE LE 15.11.2023"},"content":{"rendered":"<p>Bonjour \u00e0 toutes et tous,<\/p>\n<p>L&rsquo;Assembl\u00e9e G\u00e9n\u00e9rale de l&rsquo;association se tiendra <strong>le 15.11, mercredi, \u00e0 18h00.<\/strong><\/p>\n<p>A cette occasion, les membres de l&rsquo;association pourront \u00e9changer lors d&rsquo;une r\u00e9union Google Meet.<img loading=\"lazy\" decoding=\"async\" class=\"size-medium wp-image-590 alignleft\" src=\"https:\/\/ecole-fourtanier.org\/wp-content\/uploads\/2023\/10\/ASSEMBLEE-GENERALE-1-212x300.png\" alt=\"\" width=\"212\" height=\"300\" srcset=\"https:\/\/ecole-fourtanier.org\/wp-content\/uploads\/2023\/10\/ASSEMBLEE-GENERALE-1-212x300.png 212w, https:\/\/ecole-fourtanier.org\/wp-content\/uploads\/2023\/10\/ASSEMBLEE-GENERALE-1-728x1030.png 728w, https:\/\/ecole-fourtanier.org\/wp-content\/uploads\/2023\/10\/ASSEMBLEE-GENERALE-1-768x1086.png 768w, https:\/\/ecole-fourtanier.org\/wp-content\/uploads\/2023\/10\/ASSEMBLEE-GENERALE-1-1086x1536.png 1086w, https:\/\/ecole-fourtanier.org\/wp-content\/uploads\/2023\/10\/ASSEMBLEE-GENERALE-1-1448x2048.png 1448w, https:\/\/ecole-fourtanier.org\/wp-content\/uploads\/2023\/10\/ASSEMBLEE-GENERALE-1-1060x1500.png 1060w, https:\/\/ecole-fourtanier.org\/wp-content\/uploads\/2023\/10\/ASSEMBLEE-GENERALE-1-498x705.png 498w, https:\/\/ecole-fourtanier.org\/wp-content\/uploads\/2023\/10\/ASSEMBLEE-GENERALE-1.png 1587w\" sizes=\"auto, (max-width: 212px) 100vw, 212px\" \/><\/p>\n<p>Pour <strong>obtenir le lien de cette r\u00e9union<\/strong>, vous pouvez vous rapprocher de vos d\u00e9l\u00e9gu\u00e9s ou nous \u00e9crire \u00e0 <a href=\"mailto:parents@ecole-fourtanier.com\">parents@ecole-fourtanier.com<\/a><\/p>\n<p>A l&rsquo;ordre du jour<\/p>\n<ul>\n<li>Pr\u00e9sentation de l&rsquo;association aux nouveaux membres<\/li>\n<li>Bilan de l&rsquo;exercice et de nos actions sur 2022-2023<\/li>\n<li>Projets en cours<\/li>\n<li>Bilan comptable<\/li>\n<li>Election du Bureau<\/li>\n<\/ul>\n<p>Nous vous invitons \u00e0 participer nombreux et \u00e0 <strong>adh\u00e9rer pour ce faire<\/strong> : <a href=\"https:\/\/www.payasso.fr\/etreparentfourtanier\/adhesion\">https:\/\/www.payasso.fr\/etreparentfourtanier\/adhesion<\/a><\/p>\n<p>A bient\u00f4t.<\/p>\n<p>ASSOCIATION \u00caTRE PARENTS \u00c0 <b><\/b>L&rsquo;\u00c9COLE FOURTANIER.<\/p>\n","protected":false},"excerpt":{"rendered":"<p>Bonjour \u00e0 toutes et tous, L&rsquo;Assembl\u00e9e G\u00e9n\u00e9rale de l&rsquo;association se tiendra le 15.11, mercredi, \u00e0 18h00. A cette occasion, les membres de l&rsquo;association pourront \u00e9changer lors d&rsquo;une r\u00e9union Google Meet. Pour obtenir le lien de cette r\u00e9union, vous pouvez vous rapprocher de vos d\u00e9l\u00e9gu\u00e9s ou nous \u00e9crire \u00e0 parents@ecole-fourtanier.com A l&rsquo;ordre du jour Pr\u00e9sentation de [&hellip;]<\/p>\n","protected":false},"author":1,"featured_media":0,"comment_status":"open","ping_status":"open","sticky":false,"template":"","format":"standard","meta":{"footnotes":""},"categories":[1],"tags":[],"class_list":["post-589","post","type-post","status-publish","format-standard","hentry","category-uncategorized"],"yoast_head":"<!-- This site is optimized with the Yoast SEO plugin v19.1 - https:\/\/yoast.com\/wordpress\/plugins\/seo\/ -->\n<title>ASSEMBLEE GENERALE LE 15.11.2023 - Association Fourtanier<\/title>\n<meta name=\"robots\" content=\"index, follow, max-snippet:-1, max-image-preview:large, max-video-preview:-1\" \/>\n<link rel=\"canonical\" href=\"https:\/\/ecole-fourtanier.org\/index.php\/2023\/10\/18\/assemblee-generale-le-15-11-2023\/\" \/>\n<meta property=\"og:locale\" content=\"fr_FR\" \/>\n<meta property=\"og:type\" content=\"article\" \/>\n<meta property=\"og:title\" content=\"ASSEMBLEE GENERALE LE 15.11.2023 - Association Fourtanier\" \/>\n<meta property=\"og:description\" content=\"Bonjour \u00e0 toutes et tous, L&rsquo;Assembl\u00e9e G\u00e9n\u00e9rale de l&rsquo;association se tiendra le 15.11, mercredi, \u00e0 18h00. A cette occasion, les membres de l&rsquo;association pourront \u00e9changer lors d&rsquo;une r\u00e9union Google Meet. Pour obtenir le lien de cette r\u00e9union, vous pouvez vous rapprocher de vos d\u00e9l\u00e9gu\u00e9s ou nous \u00e9crire \u00e0 parents@ecole-fourtanier.com A l&rsquo;ordre du jour Pr\u00e9sentation de [&hellip;]\" \/>\n<meta property=\"og:url\" content=\"https:\/\/ecole-fourtanier.org\/index.php\/2023\/10\/18\/assemblee-generale-le-15-11-2023\/\" \/>\n<meta property=\"og:site_name\" content=\"Association Fourtanier\" \/>\n<meta property=\"article:published_time\" content=\"2023-10-18T10:22:24+00:00\" \/>\n<meta property=\"article:modified_time\" content=\"2023-10-18T10:29:03+00:00\" \/>\n<meta property=\"og:image\" content=\"https:\/\/ecole-fourtanier.org\/wp-content\/uploads\/2023\/10\/ASSEMBLEE-GENERALE-1-212x300.png\" \/>\n<meta name=\"twitter:card\" content=\"summary_large_image\" \/>\n<meta name=\"twitter:label1\" content=\"\u00c9crit par\" \/>\n\t<meta name=\"twitter:data1\" content=\"admin\" \/>\n\t<meta name=\"twitter:label2\" content=\"Dur\u00e9e de lecture estim\u00e9e\" \/>\n\t<meta name=\"twitter:data2\" content=\"1 minute\" \/>\n<script type=\"application\/ld+json\" class=\"yoast-schema-graph\">{\"@context\":\"https:\/\/schema.org\",\"@graph\":[{\"@type\":\"WebSite\",\"@id\":\"https:\/\/ecole-fourtanier.org\/#website\",\"url\":\"https:\/\/ecole-fourtanier.org\/\",\"name\":\"Association Fourtanier\",\"description\":\"Just another WordPress site\",\"potentialAction\":[{\"@type\":\"SearchAction\",\"target\":{\"@type\":\"EntryPoint\",\"urlTemplate\":\"https:\/\/ecole-fourtanier.org\/?s={search_term_string}\"},\"query-input\":\"required name=search_term_string\"}],\"inLanguage\":\"fr-FR\"},{\"@type\":\"ImageObject\",\"inLanguage\":\"fr-FR\",\"@id\":\"https:\/\/ecole-fourtanier.org\/index.php\/2023\/10\/18\/assemblee-generale-le-15-11-2023\/#primaryimage\",\"url\":\"https:\/\/ecole-fourtanier.org\/wp-content\/uploads\/2023\/10\/ASSEMBLEE-GENERALE-1.png\",\"contentUrl\":\"https:\/\/ecole-fourtanier.org\/wp-content\/uploads\/2023\/10\/ASSEMBLEE-GENERALE-1.png\",\"width\":1587,\"height\":2245},{\"@type\":\"WebPage\",\"@id\":\"https:\/\/ecole-fourtanier.org\/index.php\/2023\/10\/18\/assemblee-generale-le-15-11-2023\/#webpage\",\"url\":\"https:\/\/ecole-fourtanier.org\/index.php\/2023\/10\/18\/assemblee-generale-le-15-11-2023\/\",\"name\":\"ASSEMBLEE GENERALE LE 15.11.2023 - Association Fourtanier\",\"isPartOf\":{\"@id\":\"https:\/\/ecole-fourtanier.org\/#website\"},\"primaryImageOfPage\":{\"@id\":\"https:\/\/ecole-fourtanier.org\/index.php\/2023\/10\/18\/assemblee-generale-le-15-11-2023\/#primaryimage\"},\"datePublished\":\"2023-10-18T10:22:24+00:00\",\"dateModified\":\"2023-10-18T10:29:03+00:00\",\"author\":{\"@id\":\"https:\/\/ecole-fourtanier.org\/#\/schema\/person\/8d322a847417d2219494c4bda67e505b\"},\"breadcrumb\":{\"@id\":\"https:\/\/ecole-fourtanier.org\/index.php\/2023\/10\/18\/assemblee-generale-le-15-11-2023\/#breadcrumb\"},\"inLanguage\":\"fr-FR\",\"potentialAction\":[{\"@type\":\"ReadAction\",\"target\":[\"https:\/\/ecole-fourtanier.org\/index.php\/2023\/10\/18\/assemblee-generale-le-15-11-2023\/\"]}]},{\"@type\":\"BreadcrumbList\",\"@id\":\"https:\/\/ecole-fourtanier.org\/index.php\/2023\/10\/18\/assemblee-generale-le-15-11-2023\/#breadcrumb\",\"itemListElement\":[{\"@type\":\"ListItem\",\"position\":1,\"name\":\"Accueil\",\"item\":\"https:\/\/ecole-fourtanier.org\/index.php\/accueil\/\"},{\"@type\":\"ListItem\",\"position\":2,\"name\":\"ASSEMBLEE GENERALE LE 15.11.2023\"}]},{\"@type\":\"Person\",\"@id\":\"https:\/\/ecole-fourtanier.org\/#\/schema\/person\/8d322a847417d2219494c4bda67e505b\",\"name\":\"admin\",\"image\":{\"@type\":\"ImageObject\",\"inLanguage\":\"fr-FR\",\"@id\":\"https:\/\/ecole-fourtanier.org\/#\/schema\/person\/image\/\",\"url\":\"https:\/\/secure.gravatar.com\/avatar\/d87ef4a767937765aeef6e863baf8b342702e7578379f0b771077accda9142b8?s=96&d=mm&r=g\",\"contentUrl\":\"https:\/\/secure.gravatar.com\/avatar\/d87ef4a767937765aeef6e863baf8b342702e7578379f0b771077accda9142b8?s=96&d=mm&r=g\",\"caption\":\"admin\"},\"sameAs\":[\"https:\/\/ecole-fourtanier.org\"],\"url\":\"https:\/\/ecole-fourtanier.org\/index.php\/author\/hugo_iv4yt3rr\/\"}]}<\/script>\n<!-- \/ Yoast SEO plugin. -->","yoast_head_json":{"title":"ASSEMBLEE GENERALE LE 15.11.2023 - Association Fourtanier","robots":{"index":"index","follow":"follow","max-snippet":"max-snippet:-1","max-image-preview":"max-image-preview:large","max-video-preview":"max-video-preview:-1"},"canonical":"https:\/\/ecole-fourtanier.org\/index.php\/2023\/10\/18\/assemblee-generale-le-15-11-2023\/","og_locale":"fr_FR","og_type":"article","og_title":"ASSEMBLEE GENERALE LE 15.11.2023 - Association Fourtanier","og_description":"Bonjour \u00e0 toutes et tous, L&rsquo;Assembl\u00e9e G\u00e9n\u00e9rale de l&rsquo;association se tiendra le 15.11, mercredi, \u00e0 18h00. A cette occasion, les membres de l&rsquo;association pourront \u00e9changer lors d&rsquo;une r\u00e9union Google Meet. Pour obtenir le lien de cette r\u00e9union, vous pouvez vous rapprocher de vos d\u00e9l\u00e9gu\u00e9s ou nous \u00e9crire \u00e0 parents@ecole-fourtanier.com A l&rsquo;ordre du jour Pr\u00e9sentation de [&hellip;]","og_url":"https:\/\/ecole-fourtanier.org\/index.php\/2023\/10\/18\/assemblee-generale-le-15-11-2023\/","og_site_name":"Association Fourtanier","article_published_time":"2023-10-18T10:22:24+00:00","article_modified_time":"2023-10-18T10:29:03+00:00","og_image":[{"url":"https:\/\/ecole-fourtanier.org\/wp-content\/uploads\/2023\/10\/ASSEMBLEE-GENERALE-1-212x300.png"}],"twitter_card":"summary_large_image","twitter_misc":{"\u00c9crit par":"admin","Dur\u00e9e de lecture estim\u00e9e":"1 minute"},"schema":{"@context":"https:\/\/schema.org","@graph":[{"@type":"WebSite","@id":"https:\/\/ecole-fourtanier.org\/#website","url":"https:\/\/ecole-fourtanier.org\/","name":"Association Fourtanier","description":"Just another WordPress site","potentialAction":[{"@type":"SearchAction","target":{"@type":"EntryPoint","urlTemplate":"https:\/\/ecole-fourtanier.org\/?s={search_term_string}"},"query-input":"required name=search_term_string"}],"inLanguage":"fr-FR"},{"@type":"ImageObject","inLanguage":"fr-FR","@id":"https:\/\/ecole-fourtanier.org\/index.php\/2023\/10\/18\/assemblee-generale-le-15-11-2023\/#primaryimage","url":"https:\/\/ecole-fourtanier.org\/wp-content\/uploads\/2023\/10\/ASSEMBLEE-GENERALE-1.png","contentUrl":"https:\/\/ecole-fourtanier.org\/wp-content\/uploads\/2023\/10\/ASSEMBLEE-GENERALE-1.png","width":1587,"height":2245},{"@type":"WebPage","@id":"https:\/\/ecole-fourtanier.org\/index.php\/2023\/10\/18\/assemblee-generale-le-15-11-2023\/#webpage","url":"https:\/\/ecole-fourtanier.org\/index.php\/2023\/10\/18\/assemblee-generale-le-15-11-2023\/","name":"ASSEMBLEE GENERALE LE 15.11.2023 - Association Fourtanier","isPartOf":{"@id":"https:\/\/ecole-fourtanier.org\/#website"},"primaryImageOfPage":{"@id":"https:\/\/ecole-fourtanier.org\/index.php\/2023\/10\/18\/assemblee-generale-le-15-11-2023\/#primaryimage"},"datePublished":"2023-10-18T10:22:24+00:00","dateModified":"2023-10-18T10:29:03+00:00","author":{"@id":"https:\/\/ecole-fourtanier.org\/#\/schema\/person\/8d322a847417d2219494c4bda67e505b"},"breadcrumb":{"@id":"https:\/\/ecole-fourtanier.org\/index.php\/2023\/10\/18\/assemblee-generale-le-15-11-2023\/#breadcrumb"},"inLanguage":"fr-FR","potentialAction":[{"@type":"ReadAction","target":["https:\/\/ecole-fourtanier.org\/index.php\/2023\/10\/18\/assemblee-generale-le-15-11-2023\/"]}]},{"@type":"BreadcrumbList","@id":"https:\/\/ecole-fourtanier.org\/index.php\/2023\/10\/18\/assemblee-generale-le-15-11-2023\/#breadcrumb","itemListElement":[{"@type":"ListItem","position":1,"name":"Accueil","item":"https:\/\/ecole-fourtanier.org\/index.php\/accueil\/"},{"@type":"ListItem","position":2,"name":"ASSEMBLEE GENERALE LE 15.11.2023"}]},{"@type":"Person","@id":"https:\/\/ecole-fourtanier.org\/#\/schema\/person\/8d322a847417d2219494c4bda67e505b","name":"admin","image":{"@type":"ImageObject","inLanguage":"fr-FR","@id":"https:\/\/ecole-fourtanier.org\/#\/schema\/person\/image\/","url":"https:\/\/secure.gravatar.com\/avatar\/d87ef4a767937765aeef6e863baf8b342702e7578379f0b771077accda9142b8?s=96&d=mm&r=g","contentUrl":"https:\/\/secure.gravatar.com\/avatar\/d87ef4a767937765aeef6e863baf8b342702e7578379f0b771077accda9142b8?s=96&d=mm&r=g","caption":"admin"},"sameAs":["https:\/\/ecole-fourtanier.org"],"url":"https:\/\/ecole-fourtanier.org\/index.php\/author\/hugo_iv4yt3rr\/"}]}},"_links":{"self":[{"href":"https:\/\/ecole-fourtanier.org\/index.php\/wp-json\/wp\/v2\/posts\/589","targetHints":{"allow":["GET"]}}],"collection":[{"href":"https:\/\/ecole-fourtanier.org\/index.php\/wp-json\/wp\/v2\/posts"}],"about":[{"href":"https:\/\/ecole-fourtanier.org\/index.php\/wp-json\/wp\/v2\/types\/post"}],"author":[{"embeddable":true,"href":"https:\/\/ecole-fourtanier.org\/index.php\/wp-json\/wp\/v2\/users\/1"}],"replies":[{"embeddable":true,"href":"https:\/\/ecole-fourtanier.org\/index.php\/wp-json\/wp\/v2\/comments?post=589"}],"version-history":[{"count":7,"href":"https:\/\/ecole-fourtanier.org\/index.php\/wp-json\/wp\/v2\/posts\/589\/revisions"}],"predecessor-version":[{"id":594,"href":"https:\/\/ecole-fourtanier.org\/index.php\/wp-json\/wp\/v2\/posts\/589\/revisions\/594"}],"wp:attachment":[{"href":"https:\/\/ecole-fourtanier.org\/index.php\/wp-json\/wp\/v2\/media?parent=589"}],"wp:term":[{"taxonomy":"category","embeddable":true,"href":"https:\/\/ecole-fourtanier.org\/index.php\/wp-json\/wp\/v2\/categories?post=589"},{"taxonomy":"post_tag","embeddable":true,"href":"https:\/\/ecole-fourtanier.org\/index.php\/wp-json\/wp\/v2\/tags?post=589"}],"curies":[{"name":"wp","href":"https:\/\/api.w.org\/{rel}","templated":true}]}}