{"id":1,"date":"2022-11-08T09:31:08","date_gmt":"2022-11-08T09:31:08","guid":{"rendered":"https:\/\/ecole-fourtanier.org\/?p=1"},"modified":"2022-11-08T15:39:38","modified_gmt":"2022-11-08T15:39:38","slug":"assemblee-generale-de-lassociation-des-parents-deleves","status":"publish","type":"post","link":"https:\/\/ecole-fourtanier.org\/index.php\/2022\/11\/08\/assemblee-generale-de-lassociation-des-parents-deleves\/","title":{"rendered":"Assembl\u00e9e G\u00e9n\u00e9rale de l&rsquo;association des parents d&rsquo;\u00e9l\u00e8ves"},"content":{"rendered":"\t\t<div data-elementor-type=\"wp-post\" data-elementor-id=\"1\" class=\"elementor elementor-1\">\n\t\t\t\t\t\t\t\t\t<section class=\"elementor-section elementor-top-section elementor-element elementor-element-7cec76d1 elementor-section-full_width elementor-section-height-default elementor-section-height-default\" data-id=\"7cec76d1\" data-element_type=\"section\">\n\t\t\t\t\t\t<div class=\"elementor-container elementor-column-gap-default\">\n\t\t\t\t\t<div class=\"elementor-column elementor-col-100 elementor-top-column elementor-element elementor-element-418be144\" data-id=\"418be144\" data-element_type=\"column\">\n\t\t\t<div class=\"elementor-widget-wrap elementor-element-populated\">\n\t\t\t\t\t\t\t\t<div class=\"elementor-element elementor-element-ac0d951 elementor-widget elementor-widget-image\" data-id=\"ac0d951\" data-element_type=\"widget\" data-widget_type=\"image.default\">\n\t\t\t\t<div class=\"elementor-widget-container\">\n\t\t\t<style>\/*! elementor - v3.7.4 - 31-08-2022 *\/\n.elementor-widget-image{text-align:center}.elementor-widget-image a{display:inline-block}.elementor-widget-image a img[src$=\".svg\"]{width:48px}.elementor-widget-image img{vertical-align:middle;display:inline-block}<\/style>\t\t\t\t\t\t\t\t\t\t\t\t<img loading=\"lazy\" decoding=\"async\" width=\"698\" height=\"226\" src=\"https:\/\/ecole-fourtanier.org\/wp-content\/uploads\/2021\/11\/Groupe-3.png\" class=\"attachment-large size-large\" alt=\"\" srcset=\"https:\/\/ecole-fourtanier.org\/wp-content\/uploads\/2021\/11\/Groupe-3.png 698w, https:\/\/ecole-fourtanier.org\/wp-content\/uploads\/2021\/11\/Groupe-3-300x97.png 300w\" sizes=\"auto, (max-width: 698px) 100vw, 698px\" \/>\t\t\t\t\t\t\t\t\t\t\t\t\t\t\t<\/div>\n\t\t\t\t<\/div>\n\t\t\t\t<div class=\"elementor-element elementor-element-90e6f29 elementor-widget elementor-widget-spacer\" data-id=\"90e6f29\" data-element_type=\"widget\" data-widget_type=\"spacer.default\">\n\t\t\t\t<div class=\"elementor-widget-container\">\n\t\t\t<style>\/*! elementor - v3.7.4 - 31-08-2022 *\/\n.elementor-column .elementor-spacer-inner{height:var(--spacer-size)}.e-container{--container-widget-width:100%}.e-container>.elementor-widget-spacer{width:var(--container-widget-width,var(--spacer-size));-ms-flex-item-align:stretch;align-self:stretch;-ms-flex-negative:0;flex-shrink:0}.e-container>.elementor-widget-spacer>.elementor-widget-container,.e-container>.elementor-widget-spacer>.elementor-widget-container>.elementor-spacer{height:100%}.e-container>.elementor-widget-spacer>.elementor-widget-container>.elementor-spacer>.elementor-spacer-inner{height:var(--container-widget-height,var(--spacer-size))}<\/style>\t\t<div class=\"elementor-spacer\">\n\t\t\t<div class=\"elementor-spacer-inner\"><\/div>\n\t\t<\/div>\n\t\t\t\t<\/div>\n\t\t\t\t<\/div>\n\t\t\t\t<div class=\"elementor-element elementor-element-04d21d3 elementor-widget elementor-widget-heading\" data-id=\"04d21d3\" data-element_type=\"widget\" data-widget_type=\"heading.default\">\n\t\t\t\t<div class=\"elementor-widget-container\">\n\t\t\t<style>\/*! elementor - v3.7.4 - 31-08-2022 *\/\n.elementor-heading-title{padding:0;margin:0;line-height:1}.elementor-widget-heading .elementor-heading-title[class*=elementor-size-]>a{color:inherit;font-size:inherit;line-height:inherit}.elementor-widget-heading .elementor-heading-title.elementor-size-small{font-size:15px}.elementor-widget-heading .elementor-heading-title.elementor-size-medium{font-size:19px}.elementor-widget-heading .elementor-heading-title.elementor-size-large{font-size:29px}.elementor-widget-heading .elementor-heading-title.elementor-size-xl{font-size:39px}.elementor-widget-heading .elementor-heading-title.elementor-size-xxl{font-size:59px}<\/style><h2 class=\"elementor-heading-title elementor-size-default\">Chers Parents,<\/h2>\t\t<\/div>\n\t\t\t\t<\/div>\n\t\t\t\t<div class=\"elementor-element elementor-element-74aeb542 elementor-widget elementor-widget-text-editor\" data-id=\"74aeb542\" data-element_type=\"widget\" data-widget_type=\"text-editor.default\">\n\t\t\t\t<div class=\"elementor-widget-container\">\n\t\t\t<style>\/*! elementor - v3.7.4 - 31-08-2022 *\/\n.elementor-widget-text-editor.elementor-drop-cap-view-stacked .elementor-drop-cap{background-color:#818a91;color:#fff}.elementor-widget-text-editor.elementor-drop-cap-view-framed .elementor-drop-cap{color:#818a91;border:3px solid;background-color:transparent}.elementor-widget-text-editor:not(.elementor-drop-cap-view-default) .elementor-drop-cap{margin-top:8px}.elementor-widget-text-editor:not(.elementor-drop-cap-view-default) .elementor-drop-cap-letter{width:1em;height:1em}.elementor-widget-text-editor .elementor-drop-cap{float:left;text-align:center;line-height:1;font-size:50px}.elementor-widget-text-editor .elementor-drop-cap-letter{display:inline-block}<\/style>\t\t\t\t<!-- wp:paragraph -->\n<div class=\"page\" title=\"Page 1\">\n<div class=\"section\">\n<div class=\"layoutArea\">\n<div class=\"column\">\u00a0<\/div>\n<\/div>\n<div class=\"section\">\n<div class=\"layoutArea\">\n<div class=\"column\">\n<p>L&rsquo;Assemble\u0301e Ge\u0301ne\u0301rale de l&rsquo;association des parents d&rsquo;e\u0301le\u0300ves se tiendra <strong>le lundi 21 novembre 2022 a\u0300 18h30 en visio<\/strong>.<\/p>\n<\/div>\n<\/div>\n<div class=\"layoutArea\">\n<div class=\"column\">\n<p>A cette occasion, nous pre\u0301senterons <strong>l&rsquo;activite\u0301 2021\/2022, l&rsquo;avance\u0301e des actions engage\u0301es et les projets envisage\u0301s pour 2022\/2023<\/strong>.<\/p>\n<\/div>\n<\/div>\n<div class=\"layoutArea\">\n<div class=\"column\">\n<p>Si vous souhaitez y assister, <strong>merci de nous avertir par email<\/strong> <strong>a\u0300<\/strong> <br \/><strong>parents@ecole-fourtanier.org<\/strong>\u00a0<\/p>\n<\/div>\n<\/div>\n<div class=\"layoutArea\">\n<div class=\"column\">\n<p>Nous adresserons le lien de la visio.<\/p>\n<\/div>\n<\/div>\n<\/div>\n<div class=\"section\">\n<div class=\"layoutArea\">\n<div class=\"column\">\n<p>Par ailleurs, <strong>des groupes WhatsApp existent<\/strong> pour chacune des classes.<\/p>\n<\/div>\n<\/div>\n<div class=\"layoutArea\">\n<div class=\"column\">\n<p>Si vous n&rsquo;e\u0302tes pas de\u0301ja\u0300 dans le(s) groupe(s) de votre(vos) enfant(s), merci de nous adresser votre nume\u0301ro de mobile, le pre\u0301nom, le nom et la classe de l&rsquo;enfant pour e\u0302tre ajoute\u0301 au groupe WhatsApp.<\/p>\n<\/div>\n<\/div>\n<\/div>\n<div class=\"layoutArea\">\n<div class=\"column\">\n<p><strong>L&rsquo;association des parents d&rsquo;e\u0301le\u0300ves<\/strong><\/p>\n<\/div>\n<\/div>\n<\/div>\n<\/div>\n<!-- \/wp:paragraph -->\t\t\t\t\t\t<\/div>\n\t\t\t\t<\/div>\n\t\t\t\t\t<\/div>\n\t\t<\/div>\n\t\t\t\t\t\t\t<\/div>\n\t\t<\/section>\n\t\t\t\t\t\t\t<\/div>\n\t\t","protected":false},"excerpt":{"rendered":"<p>Chers Parents, &nbsp; L&rsquo;Assemble\u0301e Ge\u0301ne\u0301rale de l&rsquo;association des parents d&rsquo;e\u0301le\u0300ves se tiendra le lundi 21 novembre 2022 a\u0300 18h30 en visio. A cette occasion, nous pre\u0301senterons l&rsquo;activite\u0301 2021\/2022, l&rsquo;avance\u0301e des actions engage\u0301es et les projets envisage\u0301s pour 2022\/2023. Si vous souhaitez y assister, merci de nous avertir par email a\u0300 parents@ecole-fourtanier.org\u00a0 Nous adresserons le lien [&hellip;]<\/p>\n","protected":false},"author":1,"featured_media":0,"comment_status":"open","ping_status":"open","sticky":false,"template":"","format":"standard","meta":{"footnotes":""},"categories":[5],"tags":[],"class_list":["post-1","post","type-post","status-publish","format-standard","hentry","category-assemblee-generale"],"yoast_head":"<!-- This site is optimized with the Yoast SEO plugin v19.1 - https:\/\/yoast.com\/wordpress\/plugins\/seo\/ -->\n<title>Assembl\u00e9e G\u00e9n\u00e9rale de l&#039;association des parents d&#039;\u00e9l\u00e8ves - Association Fourtanier<\/title>\n<meta name=\"robots\" content=\"index, follow, max-snippet:-1, max-image-preview:large, max-video-preview:-1\" \/>\n<link rel=\"canonical\" href=\"https:\/\/ecole-fourtanier.org\/index.php\/2022\/11\/08\/assemblee-generale-de-lassociation-des-parents-deleves\/\" \/>\n<meta property=\"og:locale\" content=\"fr_FR\" \/>\n<meta property=\"og:type\" content=\"article\" \/>\n<meta property=\"og:title\" content=\"Assembl\u00e9e G\u00e9n\u00e9rale de l&#039;association des parents d&#039;\u00e9l\u00e8ves - Association Fourtanier\" \/>\n<meta property=\"og:description\" content=\"Chers Parents, &nbsp; L&rsquo;Assemble\u0301e Ge\u0301ne\u0301rale de l&rsquo;association des parents d&rsquo;e\u0301le\u0300ves se tiendra le lundi 21 novembre 2022 a\u0300 18h30 en visio. A cette occasion, nous pre\u0301senterons l&rsquo;activite\u0301 2021\/2022, l&rsquo;avance\u0301e des actions engage\u0301es et les projets envisage\u0301s pour 2022\/2023. Si vous souhaitez y assister, merci de nous avertir par email a\u0300 parents@ecole-fourtanier.org\u00a0 Nous adresserons le lien [&hellip;]\" \/>\n<meta property=\"og:url\" content=\"https:\/\/ecole-fourtanier.org\/index.php\/2022\/11\/08\/assemblee-generale-de-lassociation-des-parents-deleves\/\" \/>\n<meta property=\"og:site_name\" content=\"Association Fourtanier\" \/>\n<meta property=\"article:published_time\" content=\"2022-11-08T09:31:08+00:00\" \/>\n<meta property=\"article:modified_time\" content=\"2022-11-08T15:39:38+00:00\" \/>\n<meta property=\"og:image\" content=\"https:\/\/ecole-fourtanier.org\/wp-content\/uploads\/2021\/11\/Groupe-3.png\" \/>\n<meta name=\"twitter:card\" content=\"summary_large_image\" \/>\n<meta name=\"twitter:label1\" content=\"\u00c9crit par\" \/>\n\t<meta name=\"twitter:data1\" content=\"admin\" \/>\n\t<meta name=\"twitter:label2\" content=\"Dur\u00e9e de lecture estim\u00e9e\" \/>\n\t<meta name=\"twitter:data2\" content=\"1 minute\" \/>\n<script type=\"application\/ld+json\" class=\"yoast-schema-graph\">{\"@context\":\"https:\/\/schema.org\",\"@graph\":[{\"@type\":\"WebSite\",\"@id\":\"https:\/\/ecole-fourtanier.org\/#website\",\"url\":\"https:\/\/ecole-fourtanier.org\/\",\"name\":\"Association Fourtanier\",\"description\":\"Just another WordPress site\",\"potentialAction\":[{\"@type\":\"SearchAction\",\"target\":{\"@type\":\"EntryPoint\",\"urlTemplate\":\"https:\/\/ecole-fourtanier.org\/?s={search_term_string}\"},\"query-input\":\"required name=search_term_string\"}],\"inLanguage\":\"fr-FR\"},{\"@type\":\"ImageObject\",\"inLanguage\":\"fr-FR\",\"@id\":\"https:\/\/ecole-fourtanier.org\/index.php\/2022\/11\/08\/assemblee-generale-de-lassociation-des-parents-deleves\/#primaryimage\",\"url\":\"https:\/\/ecole-fourtanier.org\/wp-content\/uploads\/2021\/11\/Groupe-3.png\",\"contentUrl\":\"https:\/\/ecole-fourtanier.org\/wp-content\/uploads\/2021\/11\/Groupe-3.png\",\"width\":698,\"height\":226},{\"@type\":\"WebPage\",\"@id\":\"https:\/\/ecole-fourtanier.org\/index.php\/2022\/11\/08\/assemblee-generale-de-lassociation-des-parents-deleves\/#webpage\",\"url\":\"https:\/\/ecole-fourtanier.org\/index.php\/2022\/11\/08\/assemblee-generale-de-lassociation-des-parents-deleves\/\",\"name\":\"Assembl\u00e9e G\u00e9n\u00e9rale de l'association des parents d'\u00e9l\u00e8ves - Association Fourtanier\",\"isPartOf\":{\"@id\":\"https:\/\/ecole-fourtanier.org\/#website\"},\"primaryImageOfPage\":{\"@id\":\"https:\/\/ecole-fourtanier.org\/index.php\/2022\/11\/08\/assemblee-generale-de-lassociation-des-parents-deleves\/#primaryimage\"},\"datePublished\":\"2022-11-08T09:31:08+00:00\",\"dateModified\":\"2022-11-08T15:39:38+00:00\",\"author\":{\"@id\":\"https:\/\/ecole-fourtanier.org\/#\/schema\/person\/8d322a847417d2219494c4bda67e505b\"},\"breadcrumb\":{\"@id\":\"https:\/\/ecole-fourtanier.org\/index.php\/2022\/11\/08\/assemblee-generale-de-lassociation-des-parents-deleves\/#breadcrumb\"},\"inLanguage\":\"fr-FR\",\"potentialAction\":[{\"@type\":\"ReadAction\",\"target\":[\"https:\/\/ecole-fourtanier.org\/index.php\/2022\/11\/08\/assemblee-generale-de-lassociation-des-parents-deleves\/\"]}]},{\"@type\":\"BreadcrumbList\",\"@id\":\"https:\/\/ecole-fourtanier.org\/index.php\/2022\/11\/08\/assemblee-generale-de-lassociation-des-parents-deleves\/#breadcrumb\",\"itemListElement\":[{\"@type\":\"ListItem\",\"position\":1,\"name\":\"Accueil\",\"item\":\"https:\/\/ecole-fourtanier.org\/index.php\/accueil\/\"},{\"@type\":\"ListItem\",\"position\":2,\"name\":\"Assembl\u00e9e G\u00e9n\u00e9rale de l&rsquo;association des parents d&rsquo;\u00e9l\u00e8ves\"}]},{\"@type\":\"Person\",\"@id\":\"https:\/\/ecole-fourtanier.org\/#\/schema\/person\/8d322a847417d2219494c4bda67e505b\",\"name\":\"admin\",\"image\":{\"@type\":\"ImageObject\",\"inLanguage\":\"fr-FR\",\"@id\":\"https:\/\/ecole-fourtanier.org\/#\/schema\/person\/image\/\",\"url\":\"https:\/\/secure.gravatar.com\/avatar\/d87ef4a767937765aeef6e863baf8b342702e7578379f0b771077accda9142b8?s=96&d=mm&r=g\",\"contentUrl\":\"https:\/\/secure.gravatar.com\/avatar\/d87ef4a767937765aeef6e863baf8b342702e7578379f0b771077accda9142b8?s=96&d=mm&r=g\",\"caption\":\"admin\"},\"sameAs\":[\"https:\/\/ecole-fourtanier.org\"],\"url\":\"https:\/\/ecole-fourtanier.org\/index.php\/author\/hugo_iv4yt3rr\/\"}]}<\/script>\n<!-- \/ Yoast SEO plugin. -->","yoast_head_json":{"title":"Assembl\u00e9e G\u00e9n\u00e9rale de l'association des parents d'\u00e9l\u00e8ves - Association Fourtanier","robots":{"index":"index","follow":"follow","max-snippet":"max-snippet:-1","max-image-preview":"max-image-preview:large","max-video-preview":"max-video-preview:-1"},"canonical":"https:\/\/ecole-fourtanier.org\/index.php\/2022\/11\/08\/assemblee-generale-de-lassociation-des-parents-deleves\/","og_locale":"fr_FR","og_type":"article","og_title":"Assembl\u00e9e G\u00e9n\u00e9rale de l'association des parents d'\u00e9l\u00e8ves - Association Fourtanier","og_description":"Chers Parents, &nbsp; L&rsquo;Assemble\u0301e Ge\u0301ne\u0301rale de l&rsquo;association des parents d&rsquo;e\u0301le\u0300ves se tiendra le lundi 21 novembre 2022 a\u0300 18h30 en visio. A cette occasion, nous pre\u0301senterons l&rsquo;activite\u0301 2021\/2022, l&rsquo;avance\u0301e des actions engage\u0301es et les projets envisage\u0301s pour 2022\/2023. Si vous souhaitez y assister, merci de nous avertir par email a\u0300 parents@ecole-fourtanier.org\u00a0 Nous adresserons le lien [&hellip;]","og_url":"https:\/\/ecole-fourtanier.org\/index.php\/2022\/11\/08\/assemblee-generale-de-lassociation-des-parents-deleves\/","og_site_name":"Association Fourtanier","article_published_time":"2022-11-08T09:31:08+00:00","article_modified_time":"2022-11-08T15:39:38+00:00","og_image":[{"url":"https:\/\/ecole-fourtanier.org\/wp-content\/uploads\/2021\/11\/Groupe-3.png"}],"twitter_card":"summary_large_image","twitter_misc":{"\u00c9crit par":"admin","Dur\u00e9e de lecture estim\u00e9e":"1 minute"},"schema":{"@context":"https:\/\/schema.org","@graph":[{"@type":"WebSite","@id":"https:\/\/ecole-fourtanier.org\/#website","url":"https:\/\/ecole-fourtanier.org\/","name":"Association Fourtanier","description":"Just another WordPress site","potentialAction":[{"@type":"SearchAction","target":{"@type":"EntryPoint","urlTemplate":"https:\/\/ecole-fourtanier.org\/?s={search_term_string}"},"query-input":"required name=search_term_string"}],"inLanguage":"fr-FR"},{"@type":"ImageObject","inLanguage":"fr-FR","@id":"https:\/\/ecole-fourtanier.org\/index.php\/2022\/11\/08\/assemblee-generale-de-lassociation-des-parents-deleves\/#primaryimage","url":"https:\/\/ecole-fourtanier.org\/wp-content\/uploads\/2021\/11\/Groupe-3.png","contentUrl":"https:\/\/ecole-fourtanier.org\/wp-content\/uploads\/2021\/11\/Groupe-3.png","width":698,"height":226},{"@type":"WebPage","@id":"https:\/\/ecole-fourtanier.org\/index.php\/2022\/11\/08\/assemblee-generale-de-lassociation-des-parents-deleves\/#webpage","url":"https:\/\/ecole-fourtanier.org\/index.php\/2022\/11\/08\/assemblee-generale-de-lassociation-des-parents-deleves\/","name":"Assembl\u00e9e G\u00e9n\u00e9rale de l'association des parents d'\u00e9l\u00e8ves - Association Fourtanier","isPartOf":{"@id":"https:\/\/ecole-fourtanier.org\/#website"},"primaryImageOfPage":{"@id":"https:\/\/ecole-fourtanier.org\/index.php\/2022\/11\/08\/assemblee-generale-de-lassociation-des-parents-deleves\/#primaryimage"},"datePublished":"2022-11-08T09:31:08+00:00","dateModified":"2022-11-08T15:39:38+00:00","author":{"@id":"https:\/\/ecole-fourtanier.org\/#\/schema\/person\/8d322a847417d2219494c4bda67e505b"},"breadcrumb":{"@id":"https:\/\/ecole-fourtanier.org\/index.php\/2022\/11\/08\/assemblee-generale-de-lassociation-des-parents-deleves\/#breadcrumb"},"inLanguage":"fr-FR","potentialAction":[{"@type":"ReadAction","target":["https:\/\/ecole-fourtanier.org\/index.php\/2022\/11\/08\/assemblee-generale-de-lassociation-des-parents-deleves\/"]}]},{"@type":"BreadcrumbList","@id":"https:\/\/ecole-fourtanier.org\/index.php\/2022\/11\/08\/assemblee-generale-de-lassociation-des-parents-deleves\/#breadcrumb","itemListElement":[{"@type":"ListItem","position":1,"name":"Accueil","item":"https:\/\/ecole-fourtanier.org\/index.php\/accueil\/"},{"@type":"ListItem","position":2,"name":"Assembl\u00e9e G\u00e9n\u00e9rale de l&rsquo;association des parents d&rsquo;\u00e9l\u00e8ves"}]},{"@type":"Person","@id":"https:\/\/ecole-fourtanier.org\/#\/schema\/person\/8d322a847417d2219494c4bda67e505b","name":"admin","image":{"@type":"ImageObject","inLanguage":"fr-FR","@id":"https:\/\/ecole-fourtanier.org\/#\/schema\/person\/image\/","url":"https:\/\/secure.gravatar.com\/avatar\/d87ef4a767937765aeef6e863baf8b342702e7578379f0b771077accda9142b8?s=96&d=mm&r=g","contentUrl":"https:\/\/secure.gravatar.com\/avatar\/d87ef4a767937765aeef6e863baf8b342702e7578379f0b771077accda9142b8?s=96&d=mm&r=g","caption":"admin"},"sameAs":["https:\/\/ecole-fourtanier.org"],"url":"https:\/\/ecole-fourtanier.org\/index.php\/author\/hugo_iv4yt3rr\/"}]}},"_links":{"self":[{"href":"https:\/\/ecole-fourtanier.org\/index.php\/wp-json\/wp\/v2\/posts\/1","targetHints":{"allow":["GET"]}}],"collection":[{"href":"https:\/\/ecole-fourtanier.org\/index.php\/wp-json\/wp\/v2\/posts"}],"about":[{"href":"https:\/\/ecole-fourtanier.org\/index.php\/wp-json\/wp\/v2\/types\/post"}],"author":[{"embeddable":true,"href":"https:\/\/ecole-fourtanier.org\/index.php\/wp-json\/wp\/v2\/users\/1"}],"replies":[{"embeddable":true,"href":"https:\/\/ecole-fourtanier.org\/index.php\/wp-json\/wp\/v2\/comments?post=1"}],"version-history":[{"count":14,"href":"https:\/\/ecole-fourtanier.org\/index.php\/wp-json\/wp\/v2\/posts\/1\/revisions"}],"predecessor-version":[{"id":585,"href":"https:\/\/ecole-fourtanier.org\/index.php\/wp-json\/wp\/v2\/posts\/1\/revisions\/585"}],"wp:attachment":[{"href":"https:\/\/ecole-fourtanier.org\/index.php\/wp-json\/wp\/v2\/media?parent=1"}],"wp:term":[{"taxonomy":"category","embeddable":true,"href":"https:\/\/ecole-fourtanier.org\/index.php\/wp-json\/wp\/v2\/categories?post=1"},{"taxonomy":"post_tag","embeddable":true,"href":"https:\/\/ecole-fourtanier.org\/index.php\/wp-json\/wp\/v2\/tags?post=1"}],"curies":[{"name":"wp","href":"https:\/\/api.w.org\/{rel}","templated":true}]}}